{"id":868,"date":"2011-05-14T17:28:11","date_gmt":"2011-05-14T16:28:11","guid":{"rendered":"http:\/\/www.zasi.ch\/sblog\/?p=868"},"modified":"2013-02-13T11:24:35","modified_gmt":"2013-02-13T10:24:35","slug":"paul-klee-zentrum-in-bern","status":"publish","type":"post","link":"https:\/\/www.zasi.ch\/sblog\/index.php\/archives\/868","title":{"rendered":"Paul Klee Zentrum in Bern"},"content":{"rendered":"<p>Bei diesem sch\u00f6nen April, pr\u00e4sentiert sich in Bern das Zentrum Paul Klee in vollem Glanz.<\/p>\n<p>Hier noch etwas zur Geschichte des Zentrums Paul Klee:<\/p>\n<p>Das Zentrum Paul Klee<br \/>\nAm 20. Juni 2005 \u00f6ffnete das Zentrum Paul Klee erstmals seine Tore f\u00fcr Kunst- und Kulturinteressierte aus aller Welt. Im Mittelpunkt der neuen Kulturinstitution stehen Person, Leben und Werk von Paul Klee (1879\u20131940). Der auch als Musiker, P\u00e4dagoge und Dichter wirkende Klee z\u00e4hlt heute zu den bedeutendsten K\u00fcnstlern des 20. Jahrhunderts. Mit dem Zentrum Paul Klee erh\u00e4lt er in der Stadt Bern, in der er die H\u00e4lfte seines Lebens verbrachte, ein Denkmal mit internationaler Ausstrahlung.<\/p>\n<p><a title=\"Paul Klee Zentrum Bern\" href=\"http:\/\/www.paulkleezentrum.ch\/ww\/de\/pub\/web_root.cfm\" target=\"_blank\">http:\/\/www.paulkleezentrum.ch\/ww\/de\/pub\/web_root.cfm<\/a><\/p>\n<p>Und hier ein paar Eindr\u00fccke des Paul Klee Zentrums<\/p>\nngg_shortcode_0_placeholder\n<p>&nbsp;<\/p>\n","protected":false},"excerpt":{"rendered":"<p>Bei diesem sch\u00f6nen April, pr\u00e4sentiert sich in Bern das Zentrum Paul Klee in vollem Glanz. Hier noch etwas zur Geschichte des Zentrums Paul Klee: Das Zentrum Paul Klee Am 20. Juni 2005 \u00f6ffnete das Zentrum Paul Klee erstmals seine Tore f\u00fcr Kunst- und Kulturinteressierte aus aller Welt. Im Mittelpunkt der neuen Kulturinstitution stehen Person, Leben&#8230;<\/p>\n","protected":false},"author":2,"featured_media":0,"comment_status":"closed","ping_status":"open","sticky":false,"template":"","format":"standard","meta":{"ngg_post_thumbnail":0,"footnotes":""},"categories":[1],"tags":[1629,178],"_links":{"self":[{"href":"https:\/\/www.zasi.ch\/sblog\/index.php\/wp-json\/wp\/v2\/posts\/868"}],"collection":[{"href":"https:\/\/www.zasi.ch\/sblog\/index.php\/wp-json\/wp\/v2\/posts"}],"about":[{"href":"https:\/\/www.zasi.ch\/sblog\/index.php\/wp-json\/wp\/v2\/types\/post"}],"author":[{"embeddable":true,"href":"https:\/\/www.zasi.ch\/sblog\/index.php\/wp-json\/wp\/v2\/users\/2"}],"replies":[{"embeddable":true,"href":"https:\/\/www.zasi.ch\/sblog\/index.php\/wp-json\/wp\/v2\/comments?post=868"}],"version-history":[{"count":2,"href":"https:\/\/www.zasi.ch\/sblog\/index.php\/wp-json\/wp\/v2\/posts\/868\/revisions"}],"predecessor-version":[{"id":1126,"href":"https:\/\/www.zasi.ch\/sblog\/index.php\/wp-json\/wp\/v2\/posts\/868\/revisions\/1126"}],"wp:attachment":[{"href":"https:\/\/www.zasi.ch\/sblog\/index.php\/wp-json\/wp\/v2\/media?parent=868"}],"wp:term":[{"taxonomy":"category","embeddable":true,"href":"https:\/\/www.zasi.ch\/sblog\/index.php\/wp-json\/wp\/v2\/categories?post=868"},{"taxonomy":"post_tag","embeddable":true,"href":"https:\/\/www.zasi.ch\/sblog\/index.php\/wp-json\/wp\/v2\/tags?post=868"}],"curies":[{"name":"wp","href":"https:\/\/api.w.org\/{rel}","templated":true}]}}